{"id":60,"date":"2017-04-17T18:46:58","date_gmt":"2017-04-17T17:46:58","guid":{"rendered":"http:\/\/villa-futura.de\/?p=60"},"modified":"2021-09-25T11:50:58","modified_gmt":"2021-09-25T10:50:58","slug":"fortbildung","status":"publish","type":"post","link":"https:\/\/villa-futura.de\/?p=60","title":{"rendered":"Fortbildung Altersnorm, Entwicklungsstand, p\u00e4dagogisches Handeln"},"content":{"rendered":"<p>Folgende Fortbildung bieten wir aktuell an<\/p>\n<p><strong>Altersnorm, Entwicklungsstand, p\u00e4dagogisches Handeln<\/strong><\/p>\n<p><strong>Inhalt:<\/strong><\/p>\n<p>Wir geben einen \u00dcberblick \u00fcber die Bereiche, in denen Kinder erstmals auff\u00e4llig werden, weil sie in irgendeiner Form nicht der Altersnorm entsprechen.<\/p>\n<p>Welche Zusammenh\u00e4nge gibt es zwischen:<\/p>\n<ul>\n<li>Lernen und Bewegung \u00a0-\u00a0 \u00a0Bewegung und Lernen<\/li>\n<li>Lernen und Verhalten \u00a0\u00a0- \u00a0\u00a0Verhalten und Lernen<\/li>\n<li>Teilleistungsst\u00f6rungen und ihren Auswirkungen auf das gesamte Verhalten<\/li>\n<li>nicht ausgereiften fr\u00fchkindlichen Reflexen und Wahrnehmungsst\u00f6rungen<\/li>\n<li>warum scheinen manche Kinder unsportlich und vermeiden jegliche Anstrengung trotz scheinbar normaler k\u00f6rperlicher Entwicklung<\/li>\n<li>Mathematischen Begabungen und der F\u00e4higkeit r\u00fcckw\u00e4rts zu laufen<\/li>\n<\/ul>\n<p>Wir setzen uns mit den M\u00f6glichkeiten auseinander, den aktuellen Entwicklungsstand von Kindern differenziert zu ermitteln, um auf ihren individuellen St\u00e4rken und Ressourcen aufzubauen, ihre Potentiale zu erkennen und zu f\u00f6rdern.<\/p>\n<p>Eine differenzierte Betrachtung des Entwicklungsstandes eines Kindes unterst\u00fctzt p\u00e4dagogisches Handeln und macht sicherer im Umgang mit Institutionen, Eltern, \u00c4rzten und Therapeuten.<\/p>\n<p><strong>Dauer: \u00a0\u00a0\u00a0\u00a0\u00a04 Stunden\u00a0\u00a0\u00a0\u00a0\u00a0\u00a0\u00a0\u00a0\u00a0\u00a0\u00a0\u00a0\u00a0\u00a0\u00a0\u00a0\u00a0\u00a0\u00a0 8.30 Uhr bis 12.30 Uhr<\/strong><\/p>\n<p><strong>Kosten:\u00a0 \u00a0\u00a090\u20ac pro Teilnehmer \u00a0mind. 10 - max. 15 Teilnehmer<\/strong><\/p>\n<p><strong>Ort: \u00a0\u00a0\u00a0\u00a0\u00a0\u00a0\u00a0\u00a0\u00a0in Ihrer Einrichtung bzw. Ihren R\u00e4umlichkeiten<\/strong><\/p>\n<p><strong>Termine nach Vereinbarung <\/strong><\/p>\n","protected":false},"excerpt":{"rendered":"<p>Folgende Fortbildung bieten wir aktuell an Altersnorm, Entwicklungsstand, p\u00e4dagogisches Handeln Inhalt: Wir geben einen \u00dcberblick \u00fcber die Bereiche, in denen Kinder erstmals auff\u00e4llig werden, weil sie in irgendeiner Form nicht der Altersnorm entsprechen. Welche Zusammenh\u00e4nge gibt es zwischen: Lernen und Bewegung \u00a0-\u00a0 \u00a0Bewegung und Lernen Lernen und Verhalten \u00a0\u00a0- \u00a0\u00a0Verhalten und Lernen Teilleistungsst\u00f6rungen und ihren <a href=\"https:\/\/villa-futura.de\/?p=60\" class=\"more-link\">...weiterlesen<span class=\"screen-reader-text\"> \"Fortbildung Altersnorm, Entwicklungsstand, p\u00e4dagogisches Handeln\"<\/span><\/a><\/p>\n","protected":false},"author":1,"featured_media":0,"comment_status":"closed","ping_status":"open","sticky":false,"template":"","format":"standard","meta":{"footnotes":""},"categories":[1],"tags":[],"_links":{"self":[{"href":"https:\/\/villa-futura.de\/index.php?rest_route=\/wp\/v2\/posts\/60"}],"collection":[{"href":"https:\/\/villa-futura.de\/index.php?rest_route=\/wp\/v2\/posts"}],"about":[{"href":"https:\/\/villa-futura.de\/index.php?rest_route=\/wp\/v2\/types\/post"}],"author":[{"embeddable":true,"href":"https:\/\/villa-futura.de\/index.php?rest_route=\/wp\/v2\/users\/1"}],"replies":[{"embeddable":true,"href":"https:\/\/villa-futura.de\/index.php?rest_route=%2Fwp%2Fv2%2Fcomments&post=60"}],"version-history":[{"count":5,"href":"https:\/\/villa-futura.de\/index.php?rest_route=\/wp\/v2\/posts\/60\/revisions"}],"predecessor-version":[{"id":74,"href":"https:\/\/villa-futura.de\/index.php?rest_route=\/wp\/v2\/posts\/60\/revisions\/74"}],"wp:attachment":[{"href":"https:\/\/villa-futura.de\/index.php?rest_route=%2Fwp%2Fv2%2Fmedia&parent=60"}],"wp:term":[{"taxonomy":"category","embeddable":true,"href":"https:\/\/villa-futura.de\/index.php?rest_route=%2Fwp%2Fv2%2Fcategories&post=60"},{"taxonomy":"post_tag","embeddable":true,"href":"https:\/\/villa-futura.de\/index.php?rest_route=%2Fwp%2Fv2%2Ftags&post=60"}],"curies":[{"name":"wp","href":"https:\/\/api.w.org\/{rel}","templated":true}]}}